{"id":13604,"date":"2018-06-10T15:09:03","date_gmt":"2018-06-10T13:09:03","guid":{"rendered":"http:\/\/www.musikverein-lohnsburg.at\/cms\/?p=13604"},"modified":"2018-06-12T15:12:08","modified_gmt":"2018-06-12T13:12:08","slug":"musikfest-mettmach","status":"publish","type":"post","link":"https:\/\/www.musikverein-lohnsburg.at\/cms\/musikfest-mettmach\/","title":{"rendered":"Musikfest Mettmach"},"content":{"rendered":"<p>Vergangenes Wochenende feierte die MMK Mettmach ihr 135-j\u00e4hriges Gr\u00fcndungsfest. Wir waren live dabei und durften am Sonntag den Fr\u00fchschoppen musikalisch umrahmen. Herzliche Gratulation nochmal allen Mitwirkenden f\u00fcr das gelungene Fest.<!--more--><\/p>\n<figure id=\"attachment_13605\" class=\"aligncenter\" style=\"width: 940px;\"><a data-fancybox-title=\"\" class=\"zoom-hover fb\" href=\"https:\/\/www.musikverein-lohnsburg.at\/cms\/fotos\/nggallery\/galleries\/musikfest-mettmach\"><img loading=\"lazy\" decoding=\"async\" class=\" wp-image-13605 size-full-width\" src=\"https:\/\/www.musikverein-lohnsburg.at\/cms\/wp-content\/uploads\/2018\/06\/MMKM-940x705.jpg\" alt=\"MMKM\" width=\"940\" height=\"705\" srcset=\"https:\/\/www.musikverein-lohnsburg.at\/cms\/wp-content\/uploads\/2018\/06\/MMKM-940x705.jpg 940w, https:\/\/www.musikverein-lohnsburg.at\/cms\/wp-content\/uploads\/2018\/06\/MMKM-300x225.jpg 300w, https:\/\/www.musikverein-lohnsburg.at\/cms\/wp-content\/uploads\/2018\/06\/MMKM-768x576.jpg 768w, https:\/\/www.musikverein-lohnsburg.at\/cms\/wp-content\/uploads\/2018\/06\/MMKM-1024x768.jpg 1024w, https:\/\/www.musikverein-lohnsburg.at\/cms\/wp-content\/uploads\/2018\/06\/MMKM-80x60.jpg 80w, https:\/\/www.musikverein-lohnsburg.at\/cms\/wp-content\/uploads\/2018\/06\/MMKM-980x735.jpg 980w, https:\/\/www.musikverein-lohnsburg.at\/cms\/wp-content\/uploads\/2018\/06\/MMKM-748x561.jpg 748w, https:\/\/www.musikverein-lohnsburg.at\/cms\/wp-content\/uploads\/2018\/06\/MMKM-364x273.jpg 364w, https:\/\/www.musikverein-lohnsburg.at\/cms\/wp-content\/uploads\/2018\/06\/MMKM.jpg 1280w\" sizes=\"auto, (max-width: 940px) 100vw, 940px\" \/><\/a><\/figure>\n","protected":false},"excerpt":{"rendered":"<p>Vergangenes Wochenende feierte die MMK Mettmach ihr 135-j\u00e4hriges Gr\u00fcndungsfest. Wir waren live dabei und durften am Sonntag den Fr\u00fchschoppen musikalisch umrahmen. Herzliche Gratulation nochmal allen Mitwirkenden f\u00fcr das gelungene Fest.<\/p>\n","protected":false},"author":1,"featured_media":13605,"comment_status":"open","ping_status":"closed","sticky":false,"template":"","format":"standard","meta":{"ngg_post_thumbnail":0,"footnotes":""},"categories":[1],"tags":[],"class_list":["post-13604","post","type-post","status-publish","format-standard","has-post-thumbnail","hentry","category-allgemein"],"_links":{"self":[{"href":"https:\/\/www.musikverein-lohnsburg.at\/cms\/wp-json\/wp\/v2\/posts\/13604","targetHints":{"allow":["GET"]}}],"collection":[{"href":"https:\/\/www.musikverein-lohnsburg.at\/cms\/wp-json\/wp\/v2\/posts"}],"about":[{"href":"https:\/\/www.musikverein-lohnsburg.at\/cms\/wp-json\/wp\/v2\/types\/post"}],"author":[{"embeddable":true,"href":"https:\/\/www.musikverein-lohnsburg.at\/cms\/wp-json\/wp\/v2\/users\/1"}],"replies":[{"embeddable":true,"href":"https:\/\/www.musikverein-lohnsburg.at\/cms\/wp-json\/wp\/v2\/comments?post=13604"}],"version-history":[{"count":1,"href":"https:\/\/www.musikverein-lohnsburg.at\/cms\/wp-json\/wp\/v2\/posts\/13604\/revisions"}],"predecessor-version":[{"id":13606,"href":"https:\/\/www.musikverein-lohnsburg.at\/cms\/wp-json\/wp\/v2\/posts\/13604\/revisions\/13606"}],"wp:featuredmedia":[{"embeddable":true,"href":"https:\/\/www.musikverein-lohnsburg.at\/cms\/wp-json\/wp\/v2\/media\/13605"}],"wp:attachment":[{"href":"https:\/\/www.musikverein-lohnsburg.at\/cms\/wp-json\/wp\/v2\/media?parent=13604"}],"wp:term":[{"taxonomy":"category","embeddable":true,"href":"https:\/\/www.musikverein-lohnsburg.at\/cms\/wp-json\/wp\/v2\/categories?post=13604"},{"taxonomy":"post_tag","embeddable":true,"href":"https:\/\/www.musikverein-lohnsburg.at\/cms\/wp-json\/wp\/v2\/tags?post=13604"}],"curies":[{"name":"wp","href":"https:\/\/api.w.org\/{rel}","templated":true}]}}