{"id":14132,"date":"2018-07-24T07:45:46","date_gmt":"2018-07-24T05:45:46","guid":{"rendered":"http:\/\/www.musikverein-lohnsburg.at\/cms\/?p=14132"},"modified":"2018-07-31T07:53:55","modified_gmt":"2018-07-31T05:53:55","slug":"ferienpassaktion","status":"publish","type":"post","link":"https:\/\/www.musikverein-lohnsburg.at\/cms\/ferienpassaktion\/","title":{"rendered":"Ferienpassaktion"},"content":{"rendered":"<p style=\"text-align: justify;\"><span class=\"\" lang=\"DE-AT\">Am 24. Juli \u00f6ffnete das Musikheim f\u00fcr die j\u00fcngsten Lohnsburgerinnen und Lohnsburger seine T\u00fcren. Unter dem Motto \u201eDer Musikverein stellt sich vor\u201c wurden bei der Ferienpassaktion Instrumente, musikalische Fr\u00fcherziehung und Blockfl\u00f6te vorgestellt. <\/span><!--more--><\/p>\n<p style=\"text-align: justify;\"><span class=\"\" lang=\"DE-AT\">In der von Wolfgang Grilz zur Verf\u00fcgung gestellten Fotobox konnten sich die Kinder mit Uniform und Instrumenten ablichten lassen. Abschlie\u00dfend durften sie ihre erste kleine Marschprobe miterleben, bevor es nach einem kleinen Snack wieder ab nach Hause ging.\u00a0<\/span><\/p>\n<div class=\"columns\"><ul>\n<li class=\"col-1-2\">\n<figure id=\"attachment_14133\" class=\"aligncenter\" style=\"width: 748px;\"><a data-fancybox-title=\"Fotos Ferienpassaktion\" class=\"zoom-hover fb\" href=\"https:\/\/www.musikverein-lohnsburg.at\/cms\/fotos\/nggallery\/galleries\/fotos-ferienpass\"><img loading=\"lazy\" decoding=\"async\" class=\"wp-image-14133 size-medium-width\" title=\"Fotos Ferienpassaktion\" src=\"https:\/\/www.musikverein-lohnsburg.at\/cms\/wp-content\/uploads\/2018\/07\/Gruppenfoto4-748x561.jpg\" alt=\"Fotos Ferienpassaktion\" width=\"748\" height=\"561\" srcset=\"https:\/\/www.musikverein-lohnsburg.at\/cms\/wp-content\/uploads\/2018\/07\/Gruppenfoto4-748x561.jpg 748w, https:\/\/www.musikverein-lohnsburg.at\/cms\/wp-content\/uploads\/2018\/07\/Gruppenfoto4-300x225.jpg 300w, https:\/\/www.musikverein-lohnsburg.at\/cms\/wp-content\/uploads\/2018\/07\/Gruppenfoto4-768x576.jpg 768w, https:\/\/www.musikverein-lohnsburg.at\/cms\/wp-content\/uploads\/2018\/07\/Gruppenfoto4-1024x768.jpg 1024w, https:\/\/www.musikverein-lohnsburg.at\/cms\/wp-content\/uploads\/2018\/07\/Gruppenfoto4-80x60.jpg 80w, https:\/\/www.musikverein-lohnsburg.at\/cms\/wp-content\/uploads\/2018\/07\/Gruppenfoto4-980x735.jpg 980w, https:\/\/www.musikverein-lohnsburg.at\/cms\/wp-content\/uploads\/2018\/07\/Gruppenfoto4-1440x1080.jpg 1440w, https:\/\/www.musikverein-lohnsburg.at\/cms\/wp-content\/uploads\/2018\/07\/Gruppenfoto4-940x705.jpg 940w, https:\/\/www.musikverein-lohnsburg.at\/cms\/wp-content\/uploads\/2018\/07\/Gruppenfoto4-364x273.jpg 364w, https:\/\/www.musikverein-lohnsburg.at\/cms\/wp-content\/uploads\/2018\/07\/Gruppenfoto4.jpg 2048w\" sizes=\"auto, (max-width: 748px) 100vw, 748px\" \/><\/a><figcaption>Fotos Ferienpassaktion<\/figcaption><\/figure>\n<\/li>\n<li class=\"col-1-2\">\n<figure id=\"attachment_14134\" class=\"aligncenter\" style=\"width: 748px;\"><a data-fancybox-title=\"Fotobox Ferienpass\" class=\"zoom-hover fb\" href=\"https:\/\/www.musikverein-lohnsburg.at\/cms\/fotos\/nggallery\/galleries\/fotobox-ferienpass\"><img loading=\"lazy\" decoding=\"async\" class=\"wp-image-14134 size-medium-width\" src=\"https:\/\/www.musikverein-lohnsburg.at\/cms\/wp-content\/uploads\/2018\/07\/cf269e79-5d42-4f08-be96-315b69ebd874-748x499.jpg\" alt=\"cf269e79-5d42-4f08-be96-315b69ebd874\" width=\"748\" height=\"499\" srcset=\"https:\/\/www.musikverein-lohnsburg.at\/cms\/wp-content\/uploads\/2018\/07\/cf269e79-5d42-4f08-be96-315b69ebd874-748x499.jpg 748w, https:\/\/www.musikverein-lohnsburg.at\/cms\/wp-content\/uploads\/2018\/07\/cf269e79-5d42-4f08-be96-315b69ebd874-300x200.jpg 300w, https:\/\/www.musikverein-lohnsburg.at\/cms\/wp-content\/uploads\/2018\/07\/cf269e79-5d42-4f08-be96-315b69ebd874-768x512.jpg 768w, https:\/\/www.musikverein-lohnsburg.at\/cms\/wp-content\/uploads\/2018\/07\/cf269e79-5d42-4f08-be96-315b69ebd874-1024x683.jpg 1024w, https:\/\/www.musikverein-lohnsburg.at\/cms\/wp-content\/uploads\/2018\/07\/cf269e79-5d42-4f08-be96-315b69ebd874-90x60.jpg 90w, https:\/\/www.musikverein-lohnsburg.at\/cms\/wp-content\/uploads\/2018\/07\/cf269e79-5d42-4f08-be96-315b69ebd874-980x653.jpg 980w, https:\/\/www.musikverein-lohnsburg.at\/cms\/wp-content\/uploads\/2018\/07\/cf269e79-5d42-4f08-be96-315b69ebd874-1620x1080.jpg 1620w, https:\/\/www.musikverein-lohnsburg.at\/cms\/wp-content\/uploads\/2018\/07\/cf269e79-5d42-4f08-be96-315b69ebd874-940x627.jpg 940w, https:\/\/www.musikverein-lohnsburg.at\/cms\/wp-content\/uploads\/2018\/07\/cf269e79-5d42-4f08-be96-315b69ebd874-364x243.jpg 364w, https:\/\/www.musikverein-lohnsburg.at\/cms\/wp-content\/uploads\/2018\/07\/cf269e79-5d42-4f08-be96-315b69ebd874.jpg 1800w\" sizes=\"auto, (max-width: 748px) 100vw, 748px\" \/><\/a><figcaption>Fotobox Ferienpass<\/figcaption><\/figure>\n<\/li>\n<\/ul><\/div>\n","protected":false},"excerpt":{"rendered":"<p>Am 24. Juli \u00f6ffnete das Musikheim f\u00fcr die j\u00fcngsten Lohnsburgerinnen und Lohnsburger seine T\u00fcren. Unter dem Motto \u201eDer Musikverein stellt sich vor\u201c wurden bei der Ferienpassaktion Instrumente, musikalische Fr\u00fcherziehung und Blockfl\u00f6te vorgestellt.<\/p>\n","protected":false},"author":1,"featured_media":14134,"comment_status":"open","ping_status":"closed","sticky":false,"template":"","format":"standard","meta":{"ngg_post_thumbnail":0,"footnotes":""},"categories":[1],"tags":[],"class_list":["post-14132","post","type-post","status-publish","format-standard","has-post-thumbnail","hentry","category-allgemein"],"_links":{"self":[{"href":"https:\/\/www.musikverein-lohnsburg.at\/cms\/wp-json\/wp\/v2\/posts\/14132","targetHints":{"allow":["GET"]}}],"collection":[{"href":"https:\/\/www.musikverein-lohnsburg.at\/cms\/wp-json\/wp\/v2\/posts"}],"about":[{"href":"https:\/\/www.musikverein-lohnsburg.at\/cms\/wp-json\/wp\/v2\/types\/post"}],"author":[{"embeddable":true,"href":"https:\/\/www.musikverein-lohnsburg.at\/cms\/wp-json\/wp\/v2\/users\/1"}],"replies":[{"embeddable":true,"href":"https:\/\/www.musikverein-lohnsburg.at\/cms\/wp-json\/wp\/v2\/comments?post=14132"}],"version-history":[{"count":7,"href":"https:\/\/www.musikverein-lohnsburg.at\/cms\/wp-json\/wp\/v2\/posts\/14132\/revisions"}],"predecessor-version":[{"id":14141,"href":"https:\/\/www.musikverein-lohnsburg.at\/cms\/wp-json\/wp\/v2\/posts\/14132\/revisions\/14141"}],"wp:featuredmedia":[{"embeddable":true,"href":"https:\/\/www.musikverein-lohnsburg.at\/cms\/wp-json\/wp\/v2\/media\/14134"}],"wp:attachment":[{"href":"https:\/\/www.musikverein-lohnsburg.at\/cms\/wp-json\/wp\/v2\/media?parent=14132"}],"wp:term":[{"taxonomy":"category","embeddable":true,"href":"https:\/\/www.musikverein-lohnsburg.at\/cms\/wp-json\/wp\/v2\/categories?post=14132"},{"taxonomy":"post_tag","embeddable":true,"href":"https:\/\/www.musikverein-lohnsburg.at\/cms\/wp-json\/wp\/v2\/tags?post=14132"}],"curies":[{"name":"wp","href":"https:\/\/api.w.org\/{rel}","templated":true}]}}