{"id":14406,"date":"2018-09-20T12:33:12","date_gmt":"2018-09-20T10:33:12","guid":{"rendered":"https:\/\/www.musikverein-lohnsburg.at\/cms\/?p=14406"},"modified":"2018-09-24T08:45:26","modified_gmt":"2018-09-24T06:45:26","slug":"bezirksversammlung-blasmusikverband-ried","status":"publish","type":"post","link":"https:\/\/www.musikverein-lohnsburg.at\/cms\/bezirksversammlung-blasmusikverband-ried\/","title":{"rendered":"Bezirksversammlung Blasmusikverband Ried"},"content":{"rendered":"<p>Am 20. September fand in Geiersberg die Generalversammlung des O\u00d6. Blasmusikverbandes, Bezirk Ried im Innkreis statt. Da der Musikverein Lohnsburg eine Mitgliedskapelle ist, waren wir bei dieser Versammlung mit einer Abordnung des Vereinsvorstandes vertreten. <!--more--><\/p>\n<p>Nach den Berichten der einzelnen Funktion\u00e4re und dem anschlie\u00dfenden R\u00fccktritt der Bezirksleitung wurde die Neuwahl der Bezirksleitung f\u00fcr 2018 &#8211; 2022 druchgef\u00fchrt.<\/p>\n<p>Wir freuen uns auf eine gute Zusammenarbeit mit dem neuen Bezirksobmann Roland Fellner und seinem Team.<\/p>\n<p>Der Musikverein Lohnsburg m\u00f6chte sich bei den ausgeschiedenen Funktion\u00e4ren der Bezirksleitung f\u00fcr die gute Zusammenarbeit und Ihr Engagement bedanken.<\/p>\n<p>Besonder m\u00f6chten wir uns bedanken bei:<\/p>\n<figure id=\"attachment_14409\" class=\"aligncenter\" style=\"width: 940px;\">\n<div class=\"\"><img loading=\"lazy\" decoding=\"async\" class=\" wp-image-14409 size-full-width\" src=\"https:\/\/www.musikverein-lohnsburg.at\/cms\/wp-content\/uploads\/2018\/09\/Bezirk2018-940x700.jpg\" alt=\"\" width=\"940\" height=\"700\" srcset=\"https:\/\/www.musikverein-lohnsburg.at\/cms\/wp-content\/uploads\/2018\/09\/Bezirk2018-940x700.jpg 940w, https:\/\/www.musikverein-lohnsburg.at\/cms\/wp-content\/uploads\/2018\/09\/Bezirk2018-300x223.jpg 300w, https:\/\/www.musikverein-lohnsburg.at\/cms\/wp-content\/uploads\/2018\/09\/Bezirk2018-768x572.jpg 768w, https:\/\/www.musikverein-lohnsburg.at\/cms\/wp-content\/uploads\/2018\/09\/Bezirk2018-1024x762.jpg 1024w, https:\/\/www.musikverein-lohnsburg.at\/cms\/wp-content\/uploads\/2018\/09\/Bezirk2018-81x60.jpg 81w, https:\/\/www.musikverein-lohnsburg.at\/cms\/wp-content\/uploads\/2018\/09\/Bezirk2018-980x730.jpg 980w, https:\/\/www.musikverein-lohnsburg.at\/cms\/wp-content\/uploads\/2018\/09\/Bezirk2018-1451x1080.jpg 1451w, https:\/\/www.musikverein-lohnsburg.at\/cms\/wp-content\/uploads\/2018\/09\/Bezirk2018-748x557.jpg 748w, https:\/\/www.musikverein-lohnsburg.at\/cms\/wp-content\/uploads\/2018\/09\/Bezirk2018-364x271.jpg 364w, https:\/\/www.musikverein-lohnsburg.at\/cms\/wp-content\/uploads\/2018\/09\/Bezirk2018.jpg 2880w\" sizes=\"auto, (max-width: 940px) 100vw, 940px\" \/><\/div>\n<\/figure>\n<h3 style=\"text-align: center;\"><span style=\"color: #000080;\"><strong>Robert Gattringer (12 Jahre im Bezirksvorstand als Bezirksobmann-Stellvertreter)<\/strong><\/span><\/h3>\n<h3 style=\"text-align: center;\"><span style=\"color: #000080;\"><strong>Gottfried Reisegger (28 Jahre im Bezirksvorstand, davon 18 Jahre als Bezirkskapellmeister)<\/strong><\/span><\/h3>\n<h3 style=\"text-align: center;\"><span style=\"color: #000080;\"><strong>Neu im Bezirksvorstand ist Viktoria Hartl, Bezirksmedienreferenting<\/strong><\/span><\/h3>\n<p>&nbsp;<\/p>\n<p>&nbsp;<\/p>\n","protected":false},"excerpt":{"rendered":"<p>Am 20. September fand in Geiersberg die Generalversammlung des O\u00d6. Blasmusikverbandes, Bezirk Ried im Innkreis statt. Da der Musikverein Lohnsburg eine Mitgliedskapelle ist, waren wir bei dieser Versammlung mit einer Abordnung des Vereinsvorstandes vertreten.<\/p>\n","protected":false},"author":1,"featured_media":14409,"comment_status":"open","ping_status":"closed","sticky":false,"template":"","format":"standard","meta":{"ngg_post_thumbnail":0,"footnotes":""},"categories":[1],"tags":[],"class_list":["post-14406","post","type-post","status-publish","format-standard","has-post-thumbnail","hentry","category-allgemein"],"_links":{"self":[{"href":"https:\/\/www.musikverein-lohnsburg.at\/cms\/wp-json\/wp\/v2\/posts\/14406","targetHints":{"allow":["GET"]}}],"collection":[{"href":"https:\/\/www.musikverein-lohnsburg.at\/cms\/wp-json\/wp\/v2\/posts"}],"about":[{"href":"https:\/\/www.musikverein-lohnsburg.at\/cms\/wp-json\/wp\/v2\/types\/post"}],"author":[{"embeddable":true,"href":"https:\/\/www.musikverein-lohnsburg.at\/cms\/wp-json\/wp\/v2\/users\/1"}],"replies":[{"embeddable":true,"href":"https:\/\/www.musikverein-lohnsburg.at\/cms\/wp-json\/wp\/v2\/comments?post=14406"}],"version-history":[{"count":6,"href":"https:\/\/www.musikverein-lohnsburg.at\/cms\/wp-json\/wp\/v2\/posts\/14406\/revisions"}],"predecessor-version":[{"id":14413,"href":"https:\/\/www.musikverein-lohnsburg.at\/cms\/wp-json\/wp\/v2\/posts\/14406\/revisions\/14413"}],"wp:featuredmedia":[{"embeddable":true,"href":"https:\/\/www.musikverein-lohnsburg.at\/cms\/wp-json\/wp\/v2\/media\/14409"}],"wp:attachment":[{"href":"https:\/\/www.musikverein-lohnsburg.at\/cms\/wp-json\/wp\/v2\/media?parent=14406"}],"wp:term":[{"taxonomy":"category","embeddable":true,"href":"https:\/\/www.musikverein-lohnsburg.at\/cms\/wp-json\/wp\/v2\/categories?post=14406"},{"taxonomy":"post_tag","embeddable":true,"href":"https:\/\/www.musikverein-lohnsburg.at\/cms\/wp-json\/wp\/v2\/tags?post=14406"}],"curies":[{"name":"wp","href":"https:\/\/api.w.org\/{rel}","templated":true}]}}