{"id":14535,"date":"2018-12-15T08:48:39","date_gmt":"2018-12-15T07:48:39","guid":{"rendered":"https:\/\/www.musikverein-lohnsburg.at\/cms\/?p=14535"},"modified":"2018-12-17T08:50:48","modified_gmt":"2018-12-17T07:50:48","slug":"weihnachtsfeier-schlaga-stubn","status":"publish","type":"post","link":"https:\/\/www.musikverein-lohnsburg.at\/cms\/weihnachtsfeier-schlaga-stubn\/","title":{"rendered":"Weihnachtsfeier &#8211; Schlaga Stubn"},"content":{"rendered":"<p>Wir feierten unsere diesj\u00e4hrige Weihnachtsfeier in der gem\u00fctlichen und winterlichen Schlaga Stub&#8217;m. Nach den Begr\u00fc\u00dfungsworten unserer Obfrau Julia Reiter sorgte unser neues &#8222;mixed&#8220; Ensemble f\u00fcr weihnachtliche Kl\u00e4nge, umrahmt mit besinnlich-heiteren Texten und Geschichten die uns auf die Weihnachtszeit einstimmten.<\/p>\n<p>Wir w\u00fcnschen einen sch\u00f6nen 3. Advent.<\/p>\n<p><!--more--><\/p>\n<figure id=\"attachment_14536\" class=\"aligncenter\" style=\"width: 940px;\"><a data-fancybox-title=\"\" class=\"zoom-hover fb\" href=\"https:\/\/www.musikverein-lohnsburg.at\/cms\/fotos\/nggallery\/galleries\/weihnachtsfeier-schlaga-stubn\"><img loading=\"lazy\" decoding=\"async\" class=\" wp-image-14536 size-full-width\" src=\"https:\/\/www.musikverein-lohnsburg.at\/cms\/wp-content\/uploads\/2018\/12\/Weihnachtsfeier-940x457.jpg\" alt=\"\" width=\"940\" height=\"457\" srcset=\"https:\/\/www.musikverein-lohnsburg.at\/cms\/wp-content\/uploads\/2018\/12\/Weihnachtsfeier-940x457.jpg 940w, https:\/\/www.musikverein-lohnsburg.at\/cms\/wp-content\/uploads\/2018\/12\/Weihnachtsfeier-300x146.jpg 300w, https:\/\/www.musikverein-lohnsburg.at\/cms\/wp-content\/uploads\/2018\/12\/Weihnachtsfeier-768x373.jpg 768w, https:\/\/www.musikverein-lohnsburg.at\/cms\/wp-content\/uploads\/2018\/12\/Weihnachtsfeier-1024x498.jpg 1024w, https:\/\/www.musikverein-lohnsburg.at\/cms\/wp-content\/uploads\/2018\/12\/Weihnachtsfeier-123x60.jpg 123w, https:\/\/www.musikverein-lohnsburg.at\/cms\/wp-content\/uploads\/2018\/12\/Weihnachtsfeier-980x476.jpg 980w, https:\/\/www.musikverein-lohnsburg.at\/cms\/wp-content\/uploads\/2018\/12\/Weihnachtsfeier-1920x933.jpg 1920w, https:\/\/www.musikverein-lohnsburg.at\/cms\/wp-content\/uploads\/2018\/12\/Weihnachtsfeier-748x364.jpg 748w, https:\/\/www.musikverein-lohnsburg.at\/cms\/wp-content\/uploads\/2018\/12\/Weihnachtsfeier-364x177.jpg 364w\" sizes=\"auto, (max-width: 940px) 100vw, 940px\" \/><\/a><\/figure>\n","protected":false},"excerpt":{"rendered":"<p>Wir feierten unsere diesj\u00e4hrige Weihnachtsfeier in der gem\u00fctlichen und winterlichen Schlaga Stub&#8217;m. Nach den Begr\u00fc\u00dfungsworten unserer Obfrau Julia Reiter sorgte unser neues &#8222;mixed&#8220; Ensemble f\u00fcr weihnachtliche Kl\u00e4nge, umrahmt mit besinnlich-heiteren Texten und Geschichten die uns auf die Weihnachtszeit einstimmten. Wir w\u00fcnschen einen sch\u00f6nen 3. Advent.<\/p>\n","protected":false},"author":1,"featured_media":14536,"comment_status":"open","ping_status":"closed","sticky":false,"template":"","format":"standard","meta":{"ngg_post_thumbnail":0,"footnotes":""},"categories":[1],"tags":[],"class_list":["post-14535","post","type-post","status-publish","format-standard","has-post-thumbnail","hentry","category-allgemein"],"_links":{"self":[{"href":"https:\/\/www.musikverein-lohnsburg.at\/cms\/wp-json\/wp\/v2\/posts\/14535","targetHints":{"allow":["GET"]}}],"collection":[{"href":"https:\/\/www.musikverein-lohnsburg.at\/cms\/wp-json\/wp\/v2\/posts"}],"about":[{"href":"https:\/\/www.musikverein-lohnsburg.at\/cms\/wp-json\/wp\/v2\/types\/post"}],"author":[{"embeddable":true,"href":"https:\/\/www.musikverein-lohnsburg.at\/cms\/wp-json\/wp\/v2\/users\/1"}],"replies":[{"embeddable":true,"href":"https:\/\/www.musikverein-lohnsburg.at\/cms\/wp-json\/wp\/v2\/comments?post=14535"}],"version-history":[{"count":1,"href":"https:\/\/www.musikverein-lohnsburg.at\/cms\/wp-json\/wp\/v2\/posts\/14535\/revisions"}],"predecessor-version":[{"id":14538,"href":"https:\/\/www.musikverein-lohnsburg.at\/cms\/wp-json\/wp\/v2\/posts\/14535\/revisions\/14538"}],"wp:featuredmedia":[{"embeddable":true,"href":"https:\/\/www.musikverein-lohnsburg.at\/cms\/wp-json\/wp\/v2\/media\/14536"}],"wp:attachment":[{"href":"https:\/\/www.musikverein-lohnsburg.at\/cms\/wp-json\/wp\/v2\/media?parent=14535"}],"wp:term":[{"taxonomy":"category","embeddable":true,"href":"https:\/\/www.musikverein-lohnsburg.at\/cms\/wp-json\/wp\/v2\/categories?post=14535"},{"taxonomy":"post_tag","embeddable":true,"href":"https:\/\/www.musikverein-lohnsburg.at\/cms\/wp-json\/wp\/v2\/tags?post=14535"}],"curies":[{"name":"wp","href":"https:\/\/api.w.org\/{rel}","templated":true}]}}