{"id":15531,"date":"2019-10-11T11:46:49","date_gmt":"2019-10-11T09:46:49","guid":{"rendered":"https:\/\/www.musikverein-lohnsburg.at\/cms\/?p=15531"},"modified":"2019-10-31T12:09:53","modified_gmt":"2019-10-31T11:09:53","slug":"eroeffnung-der-mehrzweckhalle-und-gemeindeabend-mit-ehrungen","status":"publish","type":"post","link":"https:\/\/www.musikverein-lohnsburg.at\/cms\/eroeffnung-der-mehrzweckhalle-und-gemeindeabend-mit-ehrungen\/","title":{"rendered":"Er\u00f6ffnung der Mehrzweckhalle und Gemeindeabend mit Ehrungen"},"content":{"rendered":"<p>Am 11. Oktober fand die feierliche Er\u00f6ffnung der Mehrzweckhalle und der Gemeindeabend in Lohnsburg statt.<!--more--> Dabei wurden auch herausragende Leistungen langj\u00e4hriger Funktion\u00e4re im Gemeindeleben geehrt. Unser langj\u00e4hriger Obmann Robert Gattringer erhielt die Ehrennadel in Gold f\u00fcr 15 Jahre Obmann beim Musikverein Lohnsburg. Wir gratulieren recht herzlich!<\/p>\n<figure id=\"attachment_15545\" class=\"aligncenter\" style=\"width: 322px;\"><a data-fancybox-title=\"\" class=\"zoom-hover fb\" href=\"https:\/\/wolfganggrilz.smugmug.com\/LOHNSBURG\/Heimatabend-2019\/\"><img loading=\"lazy\" decoding=\"async\" class=\" wp-image-15545 size-full\" src=\"https:\/\/www.musikverein-lohnsburg.at\/cms\/wp-content\/uploads\/2019\/10\/Grilz.jpg\" alt=\"\" width=\"322\" height=\"208\" srcset=\"https:\/\/www.musikverein-lohnsburg.at\/cms\/wp-content\/uploads\/2019\/10\/Grilz.jpg 322w, https:\/\/www.musikverein-lohnsburg.at\/cms\/wp-content\/uploads\/2019\/10\/Grilz-300x194.jpg 300w, https:\/\/www.musikverein-lohnsburg.at\/cms\/wp-content\/uploads\/2019\/10\/Grilz-93x60.jpg 93w\" sizes=\"auto, (max-width: 322px) 100vw, 322px\" \/><\/a><\/figure>\n<figure id=\"attachment_15532\" class=\"aligncenter\" style=\"width: 940px;\"><a data-fancybox-title=\"\" class=\"zoom-hover fb\" href=\"https:\/\/www.musikverein-lohnsburg.at\/cms\/fotos\/nggallery\/galleries\/gemeindeabend-2019\"><img loading=\"lazy\" decoding=\"async\" class=\" wp-image-15532 size-full-width\" src=\"https:\/\/www.musikverein-lohnsburg.at\/cms\/wp-content\/uploads\/2019\/10\/Gemeindeabend7-940x705.jpg\" alt=\"\" width=\"940\" height=\"705\" srcset=\"https:\/\/www.musikverein-lohnsburg.at\/cms\/wp-content\/uploads\/2019\/10\/Gemeindeabend7-940x705.jpg 940w, https:\/\/www.musikverein-lohnsburg.at\/cms\/wp-content\/uploads\/2019\/10\/Gemeindeabend7-300x225.jpg 300w, https:\/\/www.musikverein-lohnsburg.at\/cms\/wp-content\/uploads\/2019\/10\/Gemeindeabend7-768x576.jpg 768w, https:\/\/www.musikverein-lohnsburg.at\/cms\/wp-content\/uploads\/2019\/10\/Gemeindeabend7-1024x768.jpg 1024w, https:\/\/www.musikverein-lohnsburg.at\/cms\/wp-content\/uploads\/2019\/10\/Gemeindeabend7-80x60.jpg 80w, https:\/\/www.musikverein-lohnsburg.at\/cms\/wp-content\/uploads\/2019\/10\/Gemeindeabend7-980x735.jpg 980w, https:\/\/www.musikverein-lohnsburg.at\/cms\/wp-content\/uploads\/2019\/10\/Gemeindeabend7-1440x1080.jpg 1440w, https:\/\/www.musikverein-lohnsburg.at\/cms\/wp-content\/uploads\/2019\/10\/Gemeindeabend7-748x561.jpg 748w, https:\/\/www.musikverein-lohnsburg.at\/cms\/wp-content\/uploads\/2019\/10\/Gemeindeabend7-364x273.jpg 364w\" sizes=\"auto, (max-width: 940px) 100vw, 940px\" \/><\/a><\/figure>\n","protected":false},"excerpt":{"rendered":"<p>Am 11. Oktober fand die feierliche Er\u00f6ffnung der Mehrzweckhalle und der Gemeindeabend in Lohnsburg statt.<\/p>\n","protected":false},"author":1,"featured_media":15532,"comment_status":"open","ping_status":"closed","sticky":false,"template":"","format":"standard","meta":{"ngg_post_thumbnail":0,"footnotes":""},"categories":[1],"tags":[],"class_list":["post-15531","post","type-post","status-publish","format-standard","has-post-thumbnail","hentry","category-allgemein"],"_links":{"self":[{"href":"https:\/\/www.musikverein-lohnsburg.at\/cms\/wp-json\/wp\/v2\/posts\/15531","targetHints":{"allow":["GET"]}}],"collection":[{"href":"https:\/\/www.musikverein-lohnsburg.at\/cms\/wp-json\/wp\/v2\/posts"}],"about":[{"href":"https:\/\/www.musikverein-lohnsburg.at\/cms\/wp-json\/wp\/v2\/types\/post"}],"author":[{"embeddable":true,"href":"https:\/\/www.musikverein-lohnsburg.at\/cms\/wp-json\/wp\/v2\/users\/1"}],"replies":[{"embeddable":true,"href":"https:\/\/www.musikverein-lohnsburg.at\/cms\/wp-json\/wp\/v2\/comments?post=15531"}],"version-history":[{"count":3,"href":"https:\/\/www.musikverein-lohnsburg.at\/cms\/wp-json\/wp\/v2\/posts\/15531\/revisions"}],"predecessor-version":[{"id":15547,"href":"https:\/\/www.musikverein-lohnsburg.at\/cms\/wp-json\/wp\/v2\/posts\/15531\/revisions\/15547"}],"wp:featuredmedia":[{"embeddable":true,"href":"https:\/\/www.musikverein-lohnsburg.at\/cms\/wp-json\/wp\/v2\/media\/15532"}],"wp:attachment":[{"href":"https:\/\/www.musikverein-lohnsburg.at\/cms\/wp-json\/wp\/v2\/media?parent=15531"}],"wp:term":[{"taxonomy":"category","embeddable":true,"href":"https:\/\/www.musikverein-lohnsburg.at\/cms\/wp-json\/wp\/v2\/categories?post=15531"},{"taxonomy":"post_tag","embeddable":true,"href":"https:\/\/www.musikverein-lohnsburg.at\/cms\/wp-json\/wp\/v2\/tags?post=15531"}],"curies":[{"name":"wp","href":"https:\/\/api.w.org\/{rel}","templated":true}]}}