{"id":15769,"date":"2020-01-10T14:11:00","date_gmt":"2020-01-10T13:11:00","guid":{"rendered":"https:\/\/www.musikverein-lohnsburg.at\/cms\/?p=15769"},"modified":"2020-02-08T14:14:16","modified_gmt":"2020-02-08T13:14:16","slug":"staendchen-zum-60er","status":"publish","type":"post","link":"https:\/\/www.musikverein-lohnsburg.at\/cms\/staendchen-zum-60er\/","title":{"rendered":"St\u00e4ndchen zum 60er"},"content":{"rendered":"<p>Am 10. J\u00e4nner begr\u00fc\u00dften wir unsere neuen Musiker zur ersten Probe im Jahr. Anschlie\u00dfend freuten wir uns \u00fcber die Einladung von unserem ehemaligen Fl\u00fcgelhornisten Mayer Johann. Er lud uns anl\u00e4sslich seines 60ers in die Schlaga Stubn ein. Nach einem St\u00e4ndchen und einer Jause wurde noch gemeinsam musiziert. Wir danken f\u00fcr die Einladung und den gem\u00fctlichen Abend!<!--more--><\/p>\n\n\n<figure class=\"wp-block-image size-large\"><figure id=\"attachment_15775\" class=\"alignnone\"><a data-fancybox-title=\"\" class=\"zoom-hover fb\" href=\"https:\/\/www.musikverein-lohnsburg.at\/cms\/fotos\/nggallery\/galleries\/60er-Feier-Johann-Mayer-Lohnsburg\"><img loading=\"lazy\" decoding=\"async\" width=\"1024\" height=\"768\" src=\"https:\/\/www.musikverein-lohnsburg.at\/cms\/wp-content\/uploads\/2020\/02\/D528390B-C62C-4077-858C-30EBE61D5AA7-1024x768.jpeg\" alt=\"\" class=\"wp-image-15775\" srcset=\"https:\/\/www.musikverein-lohnsburg.at\/cms\/wp-content\/uploads\/2020\/02\/D528390B-C62C-4077-858C-30EBE61D5AA7-1024x768.jpeg 1024w, https:\/\/www.musikverein-lohnsburg.at\/cms\/wp-content\/uploads\/2020\/02\/D528390B-C62C-4077-858C-30EBE61D5AA7-300x225.jpeg 300w, https:\/\/www.musikverein-lohnsburg.at\/cms\/wp-content\/uploads\/2020\/02\/D528390B-C62C-4077-858C-30EBE61D5AA7-768x576.jpeg 768w, https:\/\/www.musikverein-lohnsburg.at\/cms\/wp-content\/uploads\/2020\/02\/D528390B-C62C-4077-858C-30EBE61D5AA7-1536x1152.jpeg 1536w, https:\/\/www.musikverein-lohnsburg.at\/cms\/wp-content\/uploads\/2020\/02\/D528390B-C62C-4077-858C-30EBE61D5AA7-2048x1536.jpeg 2048w, https:\/\/www.musikverein-lohnsburg.at\/cms\/wp-content\/uploads\/2020\/02\/D528390B-C62C-4077-858C-30EBE61D5AA7-80x60.jpeg 80w, https:\/\/www.musikverein-lohnsburg.at\/cms\/wp-content\/uploads\/2020\/02\/D528390B-C62C-4077-858C-30EBE61D5AA7-980x735.jpeg 980w, https:\/\/www.musikverein-lohnsburg.at\/cms\/wp-content\/uploads\/2020\/02\/D528390B-C62C-4077-858C-30EBE61D5AA7-1440x1080.jpeg 1440w, https:\/\/www.musikverein-lohnsburg.at\/cms\/wp-content\/uploads\/2020\/02\/D528390B-C62C-4077-858C-30EBE61D5AA7-940x705.jpeg 940w, https:\/\/www.musikverein-lohnsburg.at\/cms\/wp-content\/uploads\/2020\/02\/D528390B-C62C-4077-858C-30EBE61D5AA7-748x561.jpeg 748w, https:\/\/www.musikverein-lohnsburg.at\/cms\/wp-content\/uploads\/2020\/02\/D528390B-C62C-4077-858C-30EBE61D5AA7-364x273.jpeg 364w, https:\/\/www.musikverein-lohnsburg.at\/cms\/wp-content\/uploads\/2020\/02\/D528390B-C62C-4077-858C-30EBE61D5AA7-scaled.jpeg 2560w\" sizes=\"auto, (max-width: 1024px) 100vw, 1024px\" \/><\/a><\/figure><\/figure>\n","protected":false},"excerpt":{"rendered":"<p>Am 10. J\u00e4nner begr\u00fc\u00dften wir unsere neuen Musiker zur ersten Probe im Jahr. Anschlie\u00dfend freuten wir uns \u00fcber die Einladung von unserem ehemaligen Fl\u00fcgelhornisten Mayer Johann. Er lud uns anl\u00e4sslich seines 60ers in die Schlaga Stubn ein. Nach einem St\u00e4ndchen und einer Jause wurde noch gemeinsam musiziert. Wir danken f\u00fcr die Einladung und den gem\u00fctlichen [&hellip;] <a href=\"https:\/\/www.musikverein-lohnsburg.at\/cms\/staendchen-zum-60er\/\" class=\"readmore\">Mehr lesen<i class=\"icon-forward\"><\/i><\/a><\/p>\n","protected":false},"author":1,"featured_media":15774,"comment_status":"open","ping_status":"closed","sticky":false,"template":"","format":"standard","meta":{"ngg_post_thumbnail":0,"footnotes":""},"categories":[1],"tags":[],"class_list":["post-15769","post","type-post","status-publish","format-standard","has-post-thumbnail","hentry","category-allgemein"],"_links":{"self":[{"href":"https:\/\/www.musikverein-lohnsburg.at\/cms\/wp-json\/wp\/v2\/posts\/15769","targetHints":{"allow":["GET"]}}],"collection":[{"href":"https:\/\/www.musikverein-lohnsburg.at\/cms\/wp-json\/wp\/v2\/posts"}],"about":[{"href":"https:\/\/www.musikverein-lohnsburg.at\/cms\/wp-json\/wp\/v2\/types\/post"}],"author":[{"embeddable":true,"href":"https:\/\/www.musikverein-lohnsburg.at\/cms\/wp-json\/wp\/v2\/users\/1"}],"replies":[{"embeddable":true,"href":"https:\/\/www.musikverein-lohnsburg.at\/cms\/wp-json\/wp\/v2\/comments?post=15769"}],"version-history":[{"count":2,"href":"https:\/\/www.musikverein-lohnsburg.at\/cms\/wp-json\/wp\/v2\/posts\/15769\/revisions"}],"predecessor-version":[{"id":15777,"href":"https:\/\/www.musikverein-lohnsburg.at\/cms\/wp-json\/wp\/v2\/posts\/15769\/revisions\/15777"}],"wp:featuredmedia":[{"embeddable":true,"href":"https:\/\/www.musikverein-lohnsburg.at\/cms\/wp-json\/wp\/v2\/media\/15774"}],"wp:attachment":[{"href":"https:\/\/www.musikverein-lohnsburg.at\/cms\/wp-json\/wp\/v2\/media?parent=15769"}],"wp:term":[{"taxonomy":"category","embeddable":true,"href":"https:\/\/www.musikverein-lohnsburg.at\/cms\/wp-json\/wp\/v2\/categories?post=15769"},{"taxonomy":"post_tag","embeddable":true,"href":"https:\/\/www.musikverein-lohnsburg.at\/cms\/wp-json\/wp\/v2\/tags?post=15769"}],"curies":[{"name":"wp","href":"https:\/\/api.w.org\/{rel}","templated":true}]}}