{"id":16427,"date":"2020-09-30T14:57:00","date_gmt":"2020-09-30T12:57:00","guid":{"rendered":"https:\/\/www.musikverein-lohnsburg.at\/cms\/?p=16427"},"modified":"2020-10-12T15:01:47","modified_gmt":"2020-10-12T13:01:47","slug":"7-ehrung","status":"publish","type":"post","link":"https:\/\/www.musikverein-lohnsburg.at\/cms\/7-ehrung\/","title":{"rendered":"7. Ehrung"},"content":{"rendered":"<p>Am 30. September erhielten wir die 7. Ehrung durch Landeshauptmann Mag. Thomas Stelzer f\u00fcr unsere Leistungen bei den vergangenen Konzert- und Marschwertungen.<\/p>\n<p>Wir freuen uns schon riesig, diese Aktivit\u00e4ten in Zukunft wieder bestreiten zu k\u00f6nnen!<!--more--><\/p>\n\n\n<figure class=\"wp-block-image size-full-width\"><figure id=\"attachment_16429\" class=\"alignnone\"><div class=\"\"><img loading=\"lazy\" decoding=\"async\" width=\"940\" height=\"627\" src=\"https:\/\/www.musikverein-lohnsburg.at\/cms\/wp-content\/uploads\/2020\/10\/Ehrung2020-940x627.jpg\" alt=\"\" class=\"wp-image-16429\" srcset=\"https:\/\/www.musikverein-lohnsburg.at\/cms\/wp-content\/uploads\/2020\/10\/Ehrung2020-940x627.jpg 940w, https:\/\/www.musikverein-lohnsburg.at\/cms\/wp-content\/uploads\/2020\/10\/Ehrung2020-300x200.jpg 300w, https:\/\/www.musikverein-lohnsburg.at\/cms\/wp-content\/uploads\/2020\/10\/Ehrung2020-1024x683.jpg 1024w, https:\/\/www.musikverein-lohnsburg.at\/cms\/wp-content\/uploads\/2020\/10\/Ehrung2020-768x512.jpg 768w, https:\/\/www.musikverein-lohnsburg.at\/cms\/wp-content\/uploads\/2020\/10\/Ehrung2020-1536x1024.jpg 1536w, https:\/\/www.musikverein-lohnsburg.at\/cms\/wp-content\/uploads\/2020\/10\/Ehrung2020-2048x1365.jpg 2048w, https:\/\/www.musikverein-lohnsburg.at\/cms\/wp-content\/uploads\/2020\/10\/Ehrung2020-90x60.jpg 90w, https:\/\/www.musikverein-lohnsburg.at\/cms\/wp-content\/uploads\/2020\/10\/Ehrung2020-980x653.jpg 980w, https:\/\/www.musikverein-lohnsburg.at\/cms\/wp-content\/uploads\/2020\/10\/Ehrung2020-1620x1080.jpg 1620w, https:\/\/www.musikverein-lohnsburg.at\/cms\/wp-content\/uploads\/2020\/10\/Ehrung2020-748x499.jpg 748w, https:\/\/www.musikverein-lohnsburg.at\/cms\/wp-content\/uploads\/2020\/10\/Ehrung2020-364x243.jpg 364w, https:\/\/www.musikverein-lohnsburg.at\/cms\/wp-content\/uploads\/2020\/10\/Ehrung2020-scaled.jpg 2560w\" sizes=\"auto, (max-width: 940px) 100vw, 940px\" \/><\/div><\/figure><\/figure>\n","protected":false},"excerpt":{"rendered":"<p>Am 30. September erhielten wir die 7. Ehrung durch Landeshauptmann Mag. Thomas Stelzer f\u00fcr unsere Leistungen bei den vergangenen Konzert- und Marschwertungen. Wir freuen uns schon riesig, diese Aktivit\u00e4ten in Zukunft wieder bestreiten zu k\u00f6nnen!<\/p>\n","protected":false},"author":1,"featured_media":16429,"comment_status":"open","ping_status":"closed","sticky":false,"template":"","format":"standard","meta":{"ngg_post_thumbnail":0,"footnotes":""},"categories":[1],"tags":[],"class_list":["post-16427","post","type-post","status-publish","format-standard","has-post-thumbnail","hentry","category-allgemein"],"_links":{"self":[{"href":"https:\/\/www.musikverein-lohnsburg.at\/cms\/wp-json\/wp\/v2\/posts\/16427","targetHints":{"allow":["GET"]}}],"collection":[{"href":"https:\/\/www.musikverein-lohnsburg.at\/cms\/wp-json\/wp\/v2\/posts"}],"about":[{"href":"https:\/\/www.musikverein-lohnsburg.at\/cms\/wp-json\/wp\/v2\/types\/post"}],"author":[{"embeddable":true,"href":"https:\/\/www.musikverein-lohnsburg.at\/cms\/wp-json\/wp\/v2\/users\/1"}],"replies":[{"embeddable":true,"href":"https:\/\/www.musikverein-lohnsburg.at\/cms\/wp-json\/wp\/v2\/comments?post=16427"}],"version-history":[{"count":3,"href":"https:\/\/www.musikverein-lohnsburg.at\/cms\/wp-json\/wp\/v2\/posts\/16427\/revisions"}],"predecessor-version":[{"id":16432,"href":"https:\/\/www.musikverein-lohnsburg.at\/cms\/wp-json\/wp\/v2\/posts\/16427\/revisions\/16432"}],"wp:featuredmedia":[{"embeddable":true,"href":"https:\/\/www.musikverein-lohnsburg.at\/cms\/wp-json\/wp\/v2\/media\/16429"}],"wp:attachment":[{"href":"https:\/\/www.musikverein-lohnsburg.at\/cms\/wp-json\/wp\/v2\/media?parent=16427"}],"wp:term":[{"taxonomy":"category","embeddable":true,"href":"https:\/\/www.musikverein-lohnsburg.at\/cms\/wp-json\/wp\/v2\/categories?post=16427"},{"taxonomy":"post_tag","embeddable":true,"href":"https:\/\/www.musikverein-lohnsburg.at\/cms\/wp-json\/wp\/v2\/tags?post=16427"}],"curies":[{"name":"wp","href":"https:\/\/api.w.org\/{rel}","templated":true}]}}