{"id":16613,"date":"2021-09-18T22:00:00","date_gmt":"2021-09-18T20:00:00","guid":{"rendered":"https:\/\/www.musikverein-lohnsburg.at\/cms\/?p=16613"},"modified":"2021-09-30T22:14:17","modified_gmt":"2021-09-30T20:14:17","slug":"herbstkonzert","status":"publish","type":"post","link":"https:\/\/www.musikverein-lohnsburg.at\/cms\/herbstkonzert\/","title":{"rendered":"Herbstkonzert"},"content":{"rendered":"<p>Am 18. September war es endlich wieder so weit. Der Musikverein Lohnsburg am Kobernau\u00dferwald konnte nach fast zwei Jahren seine B\u00fchnenabstinenz beenden. <br>F\u00fcr viele unserer jungen Musiker:innen war das Herbstkonzert der erste offizielle Konzertauftritt mit dem Musikverein. Ein abwechslungsreiches Programm machten den Abend f\u00fcr die Zuseher:innen und Musiker:innen zu einem kurzweiligen Erlebnis. Nun steht mit der geplanten Konzertwertung Ende November bereits das n\u00e4chste Highlight auf dem Plan wof\u00fcr schon flei\u00dfig geprobt wird.<!--more--><\/p>\n<p><strong><a href=\"https:\/\/www.musikverein-lohnsburg.at\/cms\/wp-content\/uploads\/2021\/09\/Einladung_Plakat-Herbstkonzert-2021.pdf\">&gt;&gt; Plakat<\/a><\/strong><\/p>\n\n\n<figure class=\"wp-block-gallery columns-3 is-cropped wp-block-gallery-1 is-layout-flex wp-block-gallery-is-layout-flex\"><ul class=\"blocks-gallery-grid\"><li class=\"blocks-gallery-item\"><figure><figure id=\"attachment_16616\" class=\"alignnone\"><a data-fancybox-title=\"\" class=\"zoom-hover fb\" href=\"https:\/\/www.musikverein-lohnsburg.at\/cms\/wp-content\/uploads\/2021\/09\/Herbstkonzert-1-scaled.jpg\"><img loading=\"lazy\" decoding=\"async\" width=\"1024\" height=\"683\" src=\"https:\/\/www.musikverein-lohnsburg.at\/cms\/wp-content\/uploads\/2021\/09\/Herbstkonzert-1-1024x683.jpg\" alt=\"\" data-id=\"16616\" data-full-url=\"https:\/\/www.musikverein-lohnsburg.at\/cms\/wp-content\/uploads\/2021\/09\/Herbstkonzert-1-scaled.jpg\" data-link=\"https:\/\/www.musikverein-lohnsburg.at\/cms\/herbstkonzert-1\/\" class=\"wp-image-16616\" srcset=\"https:\/\/www.musikverein-lohnsburg.at\/cms\/wp-content\/uploads\/2021\/09\/Herbstkonzert-1-1024x683.jpg 1024w, https:\/\/www.musikverein-lohnsburg.at\/cms\/wp-content\/uploads\/2021\/09\/Herbstkonzert-1-300x200.jpg 300w, https:\/\/www.musikverein-lohnsburg.at\/cms\/wp-content\/uploads\/2021\/09\/Herbstkonzert-1-768x512.jpg 768w, https:\/\/www.musikverein-lohnsburg.at\/cms\/wp-content\/uploads\/2021\/09\/Herbstkonzert-1-1536x1024.jpg 1536w, https:\/\/www.musikverein-lohnsburg.at\/cms\/wp-content\/uploads\/2021\/09\/Herbstkonzert-1-2048x1365.jpg 2048w, https:\/\/www.musikverein-lohnsburg.at\/cms\/wp-content\/uploads\/2021\/09\/Herbstkonzert-1-90x60.jpg 90w, https:\/\/www.musikverein-lohnsburg.at\/cms\/wp-content\/uploads\/2021\/09\/Herbstkonzert-1-980x653.jpg 980w, https:\/\/www.musikverein-lohnsburg.at\/cms\/wp-content\/uploads\/2021\/09\/Herbstkonzert-1-1620x1080.jpg 1620w, https:\/\/www.musikverein-lohnsburg.at\/cms\/wp-content\/uploads\/2021\/09\/Herbstkonzert-1-940x627.jpg 940w, https:\/\/www.musikverein-lohnsburg.at\/cms\/wp-content\/uploads\/2021\/09\/Herbstkonzert-1-748x499.jpg 748w, https:\/\/www.musikverein-lohnsburg.at\/cms\/wp-content\/uploads\/2021\/09\/Herbstkonzert-1-364x243.jpg 364w, https:\/\/www.musikverein-lohnsburg.at\/cms\/wp-content\/uploads\/2021\/09\/Herbstkonzert-1-scaled.jpg 2560w\" sizes=\"auto, (max-width: 1024px) 100vw, 1024px\" \/><\/a><\/figure><\/figure><\/li><li class=\"blocks-gallery-item\"><figure><figure id=\"attachment_16615\" class=\"alignnone\"><a data-fancybox-title=\"\" class=\"zoom-hover fb\" href=\"https:\/\/www.musikverein-lohnsburg.at\/cms\/wp-content\/uploads\/2021\/09\/Herbstkonzert-2-scaled.jpg\"><img loading=\"lazy\" decoding=\"async\" width=\"1024\" height=\"683\" src=\"https:\/\/www.musikverein-lohnsburg.at\/cms\/wp-content\/uploads\/2021\/09\/Herbstkonzert-2-1024x683.jpg\" alt=\"\" data-id=\"16615\" data-full-url=\"https:\/\/www.musikverein-lohnsburg.at\/cms\/wp-content\/uploads\/2021\/09\/Herbstkonzert-2-scaled.jpg\" data-link=\"https:\/\/www.musikverein-lohnsburg.at\/cms\/herbstkonzert-2\/\" class=\"wp-image-16615\" srcset=\"https:\/\/www.musikverein-lohnsburg.at\/cms\/wp-content\/uploads\/2021\/09\/Herbstkonzert-2-1024x683.jpg 1024w, https:\/\/www.musikverein-lohnsburg.at\/cms\/wp-content\/uploads\/2021\/09\/Herbstkonzert-2-300x200.jpg 300w, https:\/\/www.musikverein-lohnsburg.at\/cms\/wp-content\/uploads\/2021\/09\/Herbstkonzert-2-768x512.jpg 768w, https:\/\/www.musikverein-lohnsburg.at\/cms\/wp-content\/uploads\/2021\/09\/Herbstkonzert-2-1536x1024.jpg 1536w, https:\/\/www.musikverein-lohnsburg.at\/cms\/wp-content\/uploads\/2021\/09\/Herbstkonzert-2-2048x1365.jpg 2048w, https:\/\/www.musikverein-lohnsburg.at\/cms\/wp-content\/uploads\/2021\/09\/Herbstkonzert-2-90x60.jpg 90w, https:\/\/www.musikverein-lohnsburg.at\/cms\/wp-content\/uploads\/2021\/09\/Herbstkonzert-2-980x653.jpg 980w, https:\/\/www.musikverein-lohnsburg.at\/cms\/wp-content\/uploads\/2021\/09\/Herbstkonzert-2-1620x1080.jpg 1620w, https:\/\/www.musikverein-lohnsburg.at\/cms\/wp-content\/uploads\/2021\/09\/Herbstkonzert-2-940x627.jpg 940w, https:\/\/www.musikverein-lohnsburg.at\/cms\/wp-content\/uploads\/2021\/09\/Herbstkonzert-2-748x499.jpg 748w, https:\/\/www.musikverein-lohnsburg.at\/cms\/wp-content\/uploads\/2021\/09\/Herbstkonzert-2-364x243.jpg 364w, https:\/\/www.musikverein-lohnsburg.at\/cms\/wp-content\/uploads\/2021\/09\/Herbstkonzert-2-scaled.jpg 2560w\" sizes=\"auto, (max-width: 1024px) 100vw, 1024px\" \/><\/a><\/figure><\/figure><\/li><li class=\"blocks-gallery-item\"><figure><figure id=\"attachment_16614\" class=\"alignnone\"><a data-fancybox-title=\"\" class=\"zoom-hover fb\" href=\"https:\/\/www.musikverein-lohnsburg.at\/cms\/wp-content\/uploads\/2021\/09\/Herbstkonzert-3-scaled.jpg\"><img loading=\"lazy\" decoding=\"async\" width=\"1024\" height=\"683\" src=\"https:\/\/www.musikverein-lohnsburg.at\/cms\/wp-content\/uploads\/2021\/09\/Herbstkonzert-3-1024x683.jpg\" alt=\"\" data-id=\"16614\" data-full-url=\"https:\/\/www.musikverein-lohnsburg.at\/cms\/wp-content\/uploads\/2021\/09\/Herbstkonzert-3-scaled.jpg\" data-link=\"https:\/\/www.musikverein-lohnsburg.at\/cms\/herbstkonzert-3\/\" class=\"wp-image-16614\" srcset=\"https:\/\/www.musikverein-lohnsburg.at\/cms\/wp-content\/uploads\/2021\/09\/Herbstkonzert-3-1024x683.jpg 1024w, https:\/\/www.musikverein-lohnsburg.at\/cms\/wp-content\/uploads\/2021\/09\/Herbstkonzert-3-300x200.jpg 300w, https:\/\/www.musikverein-lohnsburg.at\/cms\/wp-content\/uploads\/2021\/09\/Herbstkonzert-3-768x512.jpg 768w, https:\/\/www.musikverein-lohnsburg.at\/cms\/wp-content\/uploads\/2021\/09\/Herbstkonzert-3-1536x1024.jpg 1536w, https:\/\/www.musikverein-lohnsburg.at\/cms\/wp-content\/uploads\/2021\/09\/Herbstkonzert-3-2048x1365.jpg 2048w, https:\/\/www.musikverein-lohnsburg.at\/cms\/wp-content\/uploads\/2021\/09\/Herbstkonzert-3-90x60.jpg 90w, https:\/\/www.musikverein-lohnsburg.at\/cms\/wp-content\/uploads\/2021\/09\/Herbstkonzert-3-980x653.jpg 980w, https:\/\/www.musikverein-lohnsburg.at\/cms\/wp-content\/uploads\/2021\/09\/Herbstkonzert-3-1620x1080.jpg 1620w, https:\/\/www.musikverein-lohnsburg.at\/cms\/wp-content\/uploads\/2021\/09\/Herbstkonzert-3-940x627.jpg 940w, https:\/\/www.musikverein-lohnsburg.at\/cms\/wp-content\/uploads\/2021\/09\/Herbstkonzert-3-748x499.jpg 748w, https:\/\/www.musikverein-lohnsburg.at\/cms\/wp-content\/uploads\/2021\/09\/Herbstkonzert-3-364x243.jpg 364w, https:\/\/www.musikverein-lohnsburg.at\/cms\/wp-content\/uploads\/2021\/09\/Herbstkonzert-3-scaled.jpg 2560w\" sizes=\"auto, (max-width: 1024px) 100vw, 1024px\" \/><\/a><\/figure><\/figure><\/li><\/ul><\/figure>\n","protected":false},"excerpt":{"rendered":"<p>Am 18. September war es endlich wieder so weit. Der Musikverein Lohnsburg am Kobernau\u00dferwald konnte nach fast zwei Jahren seine B\u00fchnenabstinenz beenden. F\u00fcr viele unserer jungen Musiker:innen war das Herbstkonzert der erste offizielle Konzertauftritt mit dem Musikverein. Ein abwechslungsreiches Programm machten den Abend f\u00fcr die Zuseher:innen und Musiker:innen zu einem kurzweiligen Erlebnis. Nun steht mit [&hellip;] <a href=\"https:\/\/www.musikverein-lohnsburg.at\/cms\/herbstkonzert\/\" class=\"readmore\">Mehr lesen<i class=\"icon-forward\"><\/i><\/a><\/p>\n","protected":false},"author":1,"featured_media":16616,"comment_status":"open","ping_status":"closed","sticky":false,"template":"","format":"standard","meta":{"ngg_post_thumbnail":0,"footnotes":""},"categories":[1],"tags":[],"class_list":["post-16613","post","type-post","status-publish","format-standard","has-post-thumbnail","hentry","category-allgemein"],"_links":{"self":[{"href":"https:\/\/www.musikverein-lohnsburg.at\/cms\/wp-json\/wp\/v2\/posts\/16613","targetHints":{"allow":["GET"]}}],"collection":[{"href":"https:\/\/www.musikverein-lohnsburg.at\/cms\/wp-json\/wp\/v2\/posts"}],"about":[{"href":"https:\/\/www.musikverein-lohnsburg.at\/cms\/wp-json\/wp\/v2\/types\/post"}],"author":[{"embeddable":true,"href":"https:\/\/www.musikverein-lohnsburg.at\/cms\/wp-json\/wp\/v2\/users\/1"}],"replies":[{"embeddable":true,"href":"https:\/\/www.musikverein-lohnsburg.at\/cms\/wp-json\/wp\/v2\/comments?post=16613"}],"version-history":[{"count":2,"href":"https:\/\/www.musikverein-lohnsburg.at\/cms\/wp-json\/wp\/v2\/posts\/16613\/revisions"}],"predecessor-version":[{"id":16623,"href":"https:\/\/www.musikverein-lohnsburg.at\/cms\/wp-json\/wp\/v2\/posts\/16613\/revisions\/16623"}],"wp:featuredmedia":[{"embeddable":true,"href":"https:\/\/www.musikverein-lohnsburg.at\/cms\/wp-json\/wp\/v2\/media\/16616"}],"wp:attachment":[{"href":"https:\/\/www.musikverein-lohnsburg.at\/cms\/wp-json\/wp\/v2\/media?parent=16613"}],"wp:term":[{"taxonomy":"category","embeddable":true,"href":"https:\/\/www.musikverein-lohnsburg.at\/cms\/wp-json\/wp\/v2\/categories?post=16613"},{"taxonomy":"post_tag","embeddable":true,"href":"https:\/\/www.musikverein-lohnsburg.at\/cms\/wp-json\/wp\/v2\/tags?post=16613"}],"curies":[{"name":"wp","href":"https:\/\/api.w.org\/{rel}","templated":true}]}}