{"id":16917,"date":"2021-12-29T15:59:35","date_gmt":"2021-12-29T14:59:35","guid":{"rendered":"https:\/\/www.musikverein-lohnsburg.at\/cms\/?p=16917"},"modified":"2022-01-04T13:27:42","modified_gmt":"2022-01-04T12:27:42","slug":"leistungsabzeichen-2021","status":"publish","type":"post","link":"https:\/\/www.musikverein-lohnsburg.at\/cms\/leistungsabzeichen-2021\/","title":{"rendered":"Leistungsabzeichen 2021"},"content":{"rendered":"<p style=\"text-align: left;\">\u00c4hnlich wie schon im vergangenen Jahr war auch das Musikschuljahr 2021 von Online-Unterricht und Selbsttests vor Einzelstunden gepr\u00e4gt. Gerade deshalb freut sich der Musikverein Lohnsburg umso mehr, dass trotz dieser H\u00fcrden viele Musikerinnen und Musiker zu einer \u00dcbertrittspr\u00fcfung angetreten sind! Herzliche Gratulation!<!--more--><\/p>\n<p style=\"text-align: left;\"><strong>Junior-Abzeichen<\/strong><br>Paul Bachleitner | Waldhorn | Stelzen<br>Lena Mitterbuchner | Klarinette | Stelzen <br>Anna Mitterbuchner | Klarinette | Stelzen<\/p>\n<p style=\"text-align: left;\"><strong>BRONZE<\/strong><br>Madita Feitzinger | Querfl\u00f6te | Lohnsburg<br>Niklas Paulusberger | Klarinette | Helmerding <br>Jakob Rachbauer | Posaune | Lauterbach<\/p>\n<p style=\"text-align: left;\"><strong>SILBER<\/strong><br>Lukas Mayer | Fl\u00fcgelhorn | Gunzing <br>Christoph Rachbauer | Fl\u00fcgelhorn | Lohnsburg <br>Stefan Reich | Trompete | Lohnsburg<br>Simon Reich | Posaune | Lohnsburg <br>Jakob Rachbauer | Posaune | Lauterbach<br>Robert Gattringer | Tuba | Lohnsburg<\/p>\n\n\n<figure class=\"wp-block-gallery columns-5 is-cropped wp-block-gallery-1 is-layout-flex wp-block-gallery-is-layout-flex\"><ul class=\"blocks-gallery-grid\"><li class=\"blocks-gallery-item\"><figure><figure id=\"attachment_16918\" class=\"alignnone\"><a data-fancybox-title=\"\" class=\"zoom-hover fb\" href=\"https:\/\/www.musikverein-lohnsburg.at\/cms\/wp-content\/uploads\/2021\/12\/Paul-scaled.jpg\"><img loading=\"lazy\" decoding=\"async\" width=\"620\" height=\"1024\" src=\"https:\/\/www.musikverein-lohnsburg.at\/cms\/wp-content\/uploads\/2021\/12\/Paul-620x1024.jpg\" alt=\"\" data-id=\"16918\" data-full-url=\"https:\/\/www.musikverein-lohnsburg.at\/cms\/wp-content\/uploads\/2021\/12\/Paul-scaled.jpg\" data-link=\"https:\/\/www.musikverein-lohnsburg.at\/cms\/paul\/\" class=\"wp-image-16918\" srcset=\"https:\/\/www.musikverein-lohnsburg.at\/cms\/wp-content\/uploads\/2021\/12\/Paul-620x1024.jpg 620w, https:\/\/www.musikverein-lohnsburg.at\/cms\/wp-content\/uploads\/2021\/12\/Paul-182x300.jpg 182w, https:\/\/www.musikverein-lohnsburg.at\/cms\/wp-content\/uploads\/2021\/12\/Paul-768x1269.jpg 768w, https:\/\/www.musikverein-lohnsburg.at\/cms\/wp-content\/uploads\/2021\/12\/Paul-930x1536.jpg 930w, https:\/\/www.musikverein-lohnsburg.at\/cms\/wp-content\/uploads\/2021\/12\/Paul-1239x2048.jpg 1239w, https:\/\/www.musikverein-lohnsburg.at\/cms\/wp-content\/uploads\/2021\/12\/Paul-36x60.jpg 36w, https:\/\/www.musikverein-lohnsburg.at\/cms\/wp-content\/uploads\/2021\/12\/Paul-980x1619.jpg 980w, https:\/\/www.musikverein-lohnsburg.at\/cms\/wp-content\/uploads\/2021\/12\/Paul-654x1080.jpg 654w, https:\/\/www.musikverein-lohnsburg.at\/cms\/wp-content\/uploads\/2021\/12\/Paul-940x1553.jpg 940w, https:\/\/www.musikverein-lohnsburg.at\/cms\/wp-content\/uploads\/2021\/12\/Paul-748x1236.jpg 748w, https:\/\/www.musikverein-lohnsburg.at\/cms\/wp-content\/uploads\/2021\/12\/Paul-364x601.jpg 364w, https:\/\/www.musikverein-lohnsburg.at\/cms\/wp-content\/uploads\/2021\/12\/Paul-scaled.jpg 1549w\" sizes=\"auto, (max-width: 620px) 100vw, 620px\" \/><\/a><\/figure><figcaption class=\"blocks-gallery-item__caption\">Paul Bachleitner<\/figcaption><\/figure><\/li><li class=\"blocks-gallery-item\"><figure><figure id=\"attachment_16928\" class=\"alignnone\"><a data-fancybox-title=\"\" class=\"zoom-hover fb\" href=\"https:\/\/www.musikverein-lohnsburg.at\/cms\/wp-content\/uploads\/2021\/12\/Anna-und-Lena-scaled.jpg\"><img loading=\"lazy\" decoding=\"async\" width=\"683\" height=\"1024\" src=\"https:\/\/www.musikverein-lohnsburg.at\/cms\/wp-content\/uploads\/2021\/12\/Anna-und-Lena-683x1024.jpg\" alt=\"\" data-id=\"16928\" data-full-url=\"https:\/\/www.musikverein-lohnsburg.at\/cms\/wp-content\/uploads\/2021\/12\/Anna-und-Lena-scaled.jpg\" data-link=\"https:\/\/www.musikverein-lohnsburg.at\/cms\/anna-und-lena\/\" class=\"wp-image-16928\" srcset=\"https:\/\/www.musikverein-lohnsburg.at\/cms\/wp-content\/uploads\/2021\/12\/Anna-und-Lena-683x1024.jpg 683w, https:\/\/www.musikverein-lohnsburg.at\/cms\/wp-content\/uploads\/2021\/12\/Anna-und-Lena-200x300.jpg 200w, https:\/\/www.musikverein-lohnsburg.at\/cms\/wp-content\/uploads\/2021\/12\/Anna-und-Lena-768x1152.jpg 768w, https:\/\/www.musikverein-lohnsburg.at\/cms\/wp-content\/uploads\/2021\/12\/Anna-und-Lena-1024x1536.jpg 1024w, https:\/\/www.musikverein-lohnsburg.at\/cms\/wp-content\/uploads\/2021\/12\/Anna-und-Lena-1365x2048.jpg 1365w, https:\/\/www.musikverein-lohnsburg.at\/cms\/wp-content\/uploads\/2021\/12\/Anna-und-Lena-40x60.jpg 40w, https:\/\/www.musikverein-lohnsburg.at\/cms\/wp-content\/uploads\/2021\/12\/Anna-und-Lena-980x1470.jpg 980w, https:\/\/www.musikverein-lohnsburg.at\/cms\/wp-content\/uploads\/2021\/12\/Anna-und-Lena-720x1080.jpg 720w, https:\/\/www.musikverein-lohnsburg.at\/cms\/wp-content\/uploads\/2021\/12\/Anna-und-Lena-940x1410.jpg 940w, https:\/\/www.musikverein-lohnsburg.at\/cms\/wp-content\/uploads\/2021\/12\/Anna-und-Lena-748x1122.jpg 748w, https:\/\/www.musikverein-lohnsburg.at\/cms\/wp-content\/uploads\/2021\/12\/Anna-und-Lena-364x546.jpg 364w, https:\/\/www.musikverein-lohnsburg.at\/cms\/wp-content\/uploads\/2021\/12\/Anna-und-Lena-scaled.jpg 1707w\" sizes=\"auto, (max-width: 683px) 100vw, 683px\" \/><\/a><\/figure><figcaption class=\"blocks-gallery-item__caption\">Anna und Lena Mitterbuchner<\/figcaption><\/figure><\/li><li class=\"blocks-gallery-item\"><figure><figure id=\"attachment_16920\" class=\"alignnone\"><a data-fancybox-title=\"\" class=\"zoom-hover fb\" href=\"https:\/\/www.musikverein-lohnsburg.at\/cms\/wp-content\/uploads\/2021\/12\/Madita.jpg\"><img loading=\"lazy\" decoding=\"async\" width=\"768\" height=\"1024\" src=\"https:\/\/www.musikverein-lohnsburg.at\/cms\/wp-content\/uploads\/2021\/12\/Madita-768x1024.jpg\" alt=\"\" data-id=\"16920\" data-full-url=\"https:\/\/www.musikverein-lohnsburg.at\/cms\/wp-content\/uploads\/2021\/12\/Madita.jpg\" data-link=\"https:\/\/www.musikverein-lohnsburg.at\/cms\/madita\/\" class=\"wp-image-16920\" srcset=\"https:\/\/www.musikverein-lohnsburg.at\/cms\/wp-content\/uploads\/2021\/12\/Madita-768x1024.jpg 768w, https:\/\/www.musikverein-lohnsburg.at\/cms\/wp-content\/uploads\/2021\/12\/Madita-225x300.jpg 225w, https:\/\/www.musikverein-lohnsburg.at\/cms\/wp-content\/uploads\/2021\/12\/Madita-1152x1536.jpg 1152w, https:\/\/www.musikverein-lohnsburg.at\/cms\/wp-content\/uploads\/2021\/12\/Madita-45x60.jpg 45w, https:\/\/www.musikverein-lohnsburg.at\/cms\/wp-content\/uploads\/2021\/12\/Madita-980x1307.jpg 980w, https:\/\/www.musikverein-lohnsburg.at\/cms\/wp-content\/uploads\/2021\/12\/Madita-810x1080.jpg 810w, https:\/\/www.musikverein-lohnsburg.at\/cms\/wp-content\/uploads\/2021\/12\/Madita-940x1253.jpg 940w, https:\/\/www.musikverein-lohnsburg.at\/cms\/wp-content\/uploads\/2021\/12\/Madita-748x997.jpg 748w, https:\/\/www.musikverein-lohnsburg.at\/cms\/wp-content\/uploads\/2021\/12\/Madita-364x485.jpg 364w, https:\/\/www.musikverein-lohnsburg.at\/cms\/wp-content\/uploads\/2021\/12\/Madita.jpg 1200w\" sizes=\"auto, (max-width: 768px) 100vw, 768px\" \/><\/a><\/figure><figcaption class=\"blocks-gallery-item__caption\">Madita Feitzinger<\/figcaption><\/figure><\/li><li class=\"blocks-gallery-item\"><figure><figure id=\"attachment_16919\" class=\"alignnone\"><a data-fancybox-title=\"\" class=\"zoom-hover fb\" href=\"https:\/\/www.musikverein-lohnsburg.at\/cms\/wp-content\/uploads\/2021\/12\/Niklas-scaled.jpg\"><img loading=\"lazy\" decoding=\"async\" width=\"768\" height=\"1024\" src=\"https:\/\/www.musikverein-lohnsburg.at\/cms\/wp-content\/uploads\/2021\/12\/Niklas-768x1024.jpg\" alt=\"\" data-id=\"16919\" data-full-url=\"https:\/\/www.musikverein-lohnsburg.at\/cms\/wp-content\/uploads\/2021\/12\/Niklas-scaled.jpg\" data-link=\"https:\/\/www.musikverein-lohnsburg.at\/cms\/niklas\/\" class=\"wp-image-16919\" srcset=\"https:\/\/www.musikverein-lohnsburg.at\/cms\/wp-content\/uploads\/2021\/12\/Niklas-768x1024.jpg 768w, https:\/\/www.musikverein-lohnsburg.at\/cms\/wp-content\/uploads\/2021\/12\/Niklas-225x300.jpg 225w, https:\/\/www.musikverein-lohnsburg.at\/cms\/wp-content\/uploads\/2021\/12\/Niklas-1152x1536.jpg 1152w, https:\/\/www.musikverein-lohnsburg.at\/cms\/wp-content\/uploads\/2021\/12\/Niklas-1536x2048.jpg 1536w, https:\/\/www.musikverein-lohnsburg.at\/cms\/wp-content\/uploads\/2021\/12\/Niklas-45x60.jpg 45w, https:\/\/www.musikverein-lohnsburg.at\/cms\/wp-content\/uploads\/2021\/12\/Niklas-980x1307.jpg 980w, https:\/\/www.musikverein-lohnsburg.at\/cms\/wp-content\/uploads\/2021\/12\/Niklas-810x1080.jpg 810w, https:\/\/www.musikverein-lohnsburg.at\/cms\/wp-content\/uploads\/2021\/12\/Niklas-940x1253.jpg 940w, https:\/\/www.musikverein-lohnsburg.at\/cms\/wp-content\/uploads\/2021\/12\/Niklas-748x997.jpg 748w, https:\/\/www.musikverein-lohnsburg.at\/cms\/wp-content\/uploads\/2021\/12\/Niklas-364x485.jpg 364w, https:\/\/www.musikverein-lohnsburg.at\/cms\/wp-content\/uploads\/2021\/12\/Niklas-scaled.jpg 1920w\" sizes=\"auto, (max-width: 768px) 100vw, 768px\" \/><\/a><\/figure><figcaption class=\"blocks-gallery-item__caption\">Niklas Paulusberger<\/figcaption><\/figure><\/li><li class=\"blocks-gallery-item\"><figure><figure id=\"attachment_16927\" class=\"alignnone\"><a data-fancybox-title=\"\" class=\"zoom-hover fb\" href=\"https:\/\/www.musikverein-lohnsburg.at\/cms\/wp-content\/uploads\/2021\/12\/Robert1-scaled.jpg\"><img loading=\"lazy\" decoding=\"async\" width=\"626\" height=\"1024\" src=\"https:\/\/www.musikverein-lohnsburg.at\/cms\/wp-content\/uploads\/2021\/12\/Robert1-626x1024.jpg\" alt=\"\" data-id=\"16927\" data-full-url=\"https:\/\/www.musikverein-lohnsburg.at\/cms\/wp-content\/uploads\/2021\/12\/Robert1-scaled.jpg\" data-link=\"https:\/\/www.musikverein-lohnsburg.at\/cms\/robert1\/\" class=\"wp-image-16927\" srcset=\"https:\/\/www.musikverein-lohnsburg.at\/cms\/wp-content\/uploads\/2021\/12\/Robert1-626x1024.jpg 626w, https:\/\/www.musikverein-lohnsburg.at\/cms\/wp-content\/uploads\/2021\/12\/Robert1-183x300.jpg 183w, https:\/\/www.musikverein-lohnsburg.at\/cms\/wp-content\/uploads\/2021\/12\/Robert1-768x1257.jpg 768w, https:\/\/www.musikverein-lohnsburg.at\/cms\/wp-content\/uploads\/2021\/12\/Robert1-938x1536.jpg 938w, https:\/\/www.musikverein-lohnsburg.at\/cms\/wp-content\/uploads\/2021\/12\/Robert1-1251x2048.jpg 1251w, https:\/\/www.musikverein-lohnsburg.at\/cms\/wp-content\/uploads\/2021\/12\/Robert1-37x60.jpg 37w, https:\/\/www.musikverein-lohnsburg.at\/cms\/wp-content\/uploads\/2021\/12\/Robert1-980x1604.jpg 980w, https:\/\/www.musikverein-lohnsburg.at\/cms\/wp-content\/uploads\/2021\/12\/Robert1-660x1080.jpg 660w, https:\/\/www.musikverein-lohnsburg.at\/cms\/wp-content\/uploads\/2021\/12\/Robert1-940x1539.jpg 940w, https:\/\/www.musikverein-lohnsburg.at\/cms\/wp-content\/uploads\/2021\/12\/Robert1-748x1224.jpg 748w, https:\/\/www.musikverein-lohnsburg.at\/cms\/wp-content\/uploads\/2021\/12\/Robert1-364x596.jpg 364w, https:\/\/www.musikverein-lohnsburg.at\/cms\/wp-content\/uploads\/2021\/12\/Robert1-scaled.jpg 1564w\" sizes=\"auto, (max-width: 626px) 100vw, 626px\" \/><\/a><\/figure><figcaption class=\"blocks-gallery-item__caption\">Robert Gattringer<\/figcaption><\/figure><\/li><li class=\"blocks-gallery-item\"><figure><figure id=\"attachment_16924\" class=\"alignnone\"><a data-fancybox-title=\"\" class=\"zoom-hover fb\" href=\"https:\/\/www.musikverein-lohnsburg.at\/cms\/wp-content\/uploads\/2021\/12\/IMG_4951.jpeg\"><img loading=\"lazy\" decoding=\"async\" width=\"768\" height=\"1024\" src=\"https:\/\/www.musikverein-lohnsburg.at\/cms\/wp-content\/uploads\/2021\/12\/IMG_4951-768x1024.jpeg\" alt=\"\" data-id=\"16924\" data-full-url=\"https:\/\/www.musikverein-lohnsburg.at\/cms\/wp-content\/uploads\/2021\/12\/IMG_4951.jpeg\" data-link=\"https:\/\/www.musikverein-lohnsburg.at\/cms\/img_4951\/\" class=\"wp-image-16924\" srcset=\"https:\/\/www.musikverein-lohnsburg.at\/cms\/wp-content\/uploads\/2021\/12\/IMG_4951-768x1024.jpeg 768w, https:\/\/www.musikverein-lohnsburg.at\/cms\/wp-content\/uploads\/2021\/12\/IMG_4951-225x300.jpeg 225w, https:\/\/www.musikverein-lohnsburg.at\/cms\/wp-content\/uploads\/2021\/12\/IMG_4951-1152x1536.jpeg 1152w, https:\/\/www.musikverein-lohnsburg.at\/cms\/wp-content\/uploads\/2021\/12\/IMG_4951-45x60.jpeg 45w, https:\/\/www.musikverein-lohnsburg.at\/cms\/wp-content\/uploads\/2021\/12\/IMG_4951-980x1307.jpeg 980w, https:\/\/www.musikverein-lohnsburg.at\/cms\/wp-content\/uploads\/2021\/12\/IMG_4951-810x1080.jpeg 810w, https:\/\/www.musikverein-lohnsburg.at\/cms\/wp-content\/uploads\/2021\/12\/IMG_4951-940x1253.jpeg 940w, https:\/\/www.musikverein-lohnsburg.at\/cms\/wp-content\/uploads\/2021\/12\/IMG_4951-748x997.jpeg 748w, https:\/\/www.musikverein-lohnsburg.at\/cms\/wp-content\/uploads\/2021\/12\/IMG_4951-364x485.jpeg 364w, https:\/\/www.musikverein-lohnsburg.at\/cms\/wp-content\/uploads\/2021\/12\/IMG_4951.jpeg 1536w\" sizes=\"auto, (max-width: 768px) 100vw, 768px\" \/><\/a><\/figure><figcaption class=\"blocks-gallery-item__caption\">Jakob Rachbauer<\/figcaption><\/figure><\/li><li class=\"blocks-gallery-item\"><figure><figure id=\"attachment_16925\" class=\"alignnone\"><a data-fancybox-title=\"\" class=\"zoom-hover fb\" href=\"https:\/\/www.musikverein-lohnsburg.at\/cms\/wp-content\/uploads\/2021\/12\/IMG_4940.jpeg\"><img loading=\"lazy\" decoding=\"async\" width=\"768\" height=\"1024\" src=\"https:\/\/www.musikverein-lohnsburg.at\/cms\/wp-content\/uploads\/2021\/12\/IMG_4940-768x1024.jpeg\" alt=\"\" data-id=\"16925\" data-full-url=\"https:\/\/www.musikverein-lohnsburg.at\/cms\/wp-content\/uploads\/2021\/12\/IMG_4940.jpeg\" data-link=\"https:\/\/www.musikverein-lohnsburg.at\/cms\/img_4940\/\" class=\"wp-image-16925\" srcset=\"https:\/\/www.musikverein-lohnsburg.at\/cms\/wp-content\/uploads\/2021\/12\/IMG_4940-768x1024.jpeg 768w, https:\/\/www.musikverein-lohnsburg.at\/cms\/wp-content\/uploads\/2021\/12\/IMG_4940-225x300.jpeg 225w, https:\/\/www.musikverein-lohnsburg.at\/cms\/wp-content\/uploads\/2021\/12\/IMG_4940-1152x1536.jpeg 1152w, https:\/\/www.musikverein-lohnsburg.at\/cms\/wp-content\/uploads\/2021\/12\/IMG_4940-45x60.jpeg 45w, https:\/\/www.musikverein-lohnsburg.at\/cms\/wp-content\/uploads\/2021\/12\/IMG_4940-980x1307.jpeg 980w, https:\/\/www.musikverein-lohnsburg.at\/cms\/wp-content\/uploads\/2021\/12\/IMG_4940-810x1080.jpeg 810w, https:\/\/www.musikverein-lohnsburg.at\/cms\/wp-content\/uploads\/2021\/12\/IMG_4940-940x1253.jpeg 940w, https:\/\/www.musikverein-lohnsburg.at\/cms\/wp-content\/uploads\/2021\/12\/IMG_4940-748x997.jpeg 748w, https:\/\/www.musikverein-lohnsburg.at\/cms\/wp-content\/uploads\/2021\/12\/IMG_4940-364x485.jpeg 364w, https:\/\/www.musikverein-lohnsburg.at\/cms\/wp-content\/uploads\/2021\/12\/IMG_4940.jpeg 1536w\" sizes=\"auto, (max-width: 768px) 100vw, 768px\" \/><\/a><\/figure><figcaption class=\"blocks-gallery-item__caption\">Lukas Mayer<\/figcaption><\/figure><\/li><li class=\"blocks-gallery-item\"><figure><figure id=\"attachment_16923\" class=\"alignnone\"><a data-fancybox-title=\"\" class=\"zoom-hover fb\" href=\"https:\/\/www.musikverein-lohnsburg.at\/cms\/wp-content\/uploads\/2021\/12\/IMG_4957.jpeg\"><img loading=\"lazy\" decoding=\"async\" width=\"768\" height=\"1024\" src=\"https:\/\/www.musikverein-lohnsburg.at\/cms\/wp-content\/uploads\/2021\/12\/IMG_4957-768x1024.jpeg\" alt=\"\" data-id=\"16923\" data-full-url=\"https:\/\/www.musikverein-lohnsburg.at\/cms\/wp-content\/uploads\/2021\/12\/IMG_4957.jpeg\" data-link=\"https:\/\/www.musikverein-lohnsburg.at\/cms\/img_4957\/\" class=\"wp-image-16923\" srcset=\"https:\/\/www.musikverein-lohnsburg.at\/cms\/wp-content\/uploads\/2021\/12\/IMG_4957-768x1024.jpeg 768w, https:\/\/www.musikverein-lohnsburg.at\/cms\/wp-content\/uploads\/2021\/12\/IMG_4957-225x300.jpeg 225w, https:\/\/www.musikverein-lohnsburg.at\/cms\/wp-content\/uploads\/2021\/12\/IMG_4957-1152x1536.jpeg 1152w, https:\/\/www.musikverein-lohnsburg.at\/cms\/wp-content\/uploads\/2021\/12\/IMG_4957-45x60.jpeg 45w, https:\/\/www.musikverein-lohnsburg.at\/cms\/wp-content\/uploads\/2021\/12\/IMG_4957-980x1307.jpeg 980w, https:\/\/www.musikverein-lohnsburg.at\/cms\/wp-content\/uploads\/2021\/12\/IMG_4957-810x1080.jpeg 810w, https:\/\/www.musikverein-lohnsburg.at\/cms\/wp-content\/uploads\/2021\/12\/IMG_4957-940x1253.jpeg 940w, https:\/\/www.musikverein-lohnsburg.at\/cms\/wp-content\/uploads\/2021\/12\/IMG_4957-748x997.jpeg 748w, https:\/\/www.musikverein-lohnsburg.at\/cms\/wp-content\/uploads\/2021\/12\/IMG_4957-364x485.jpeg 364w, https:\/\/www.musikverein-lohnsburg.at\/cms\/wp-content\/uploads\/2021\/12\/IMG_4957.jpeg 1536w\" sizes=\"auto, (max-width: 768px) 100vw, 768px\" \/><\/a><\/figure><figcaption class=\"blocks-gallery-item__caption\">Stefan Reich<\/figcaption><\/figure><\/li><li class=\"blocks-gallery-item\"><figure><figure id=\"attachment_16922\" class=\"alignnone\"><a data-fancybox-title=\"\" class=\"zoom-hover fb\" href=\"https:\/\/www.musikverein-lohnsburg.at\/cms\/wp-content\/uploads\/2021\/12\/IMG_4968.jpeg\"><img loading=\"lazy\" decoding=\"async\" width=\"768\" height=\"1024\" src=\"https:\/\/www.musikverein-lohnsburg.at\/cms\/wp-content\/uploads\/2021\/12\/IMG_4968-768x1024.jpeg\" alt=\"\" data-id=\"16922\" data-full-url=\"https:\/\/www.musikverein-lohnsburg.at\/cms\/wp-content\/uploads\/2021\/12\/IMG_4968.jpeg\" data-link=\"https:\/\/www.musikverein-lohnsburg.at\/cms\/img_4968\/\" class=\"wp-image-16922\" srcset=\"https:\/\/www.musikverein-lohnsburg.at\/cms\/wp-content\/uploads\/2021\/12\/IMG_4968-768x1024.jpeg 768w, https:\/\/www.musikverein-lohnsburg.at\/cms\/wp-content\/uploads\/2021\/12\/IMG_4968-225x300.jpeg 225w, https:\/\/www.musikverein-lohnsburg.at\/cms\/wp-content\/uploads\/2021\/12\/IMG_4968-1152x1536.jpeg 1152w, https:\/\/www.musikverein-lohnsburg.at\/cms\/wp-content\/uploads\/2021\/12\/IMG_4968-45x60.jpeg 45w, https:\/\/www.musikverein-lohnsburg.at\/cms\/wp-content\/uploads\/2021\/12\/IMG_4968-980x1307.jpeg 980w, https:\/\/www.musikverein-lohnsburg.at\/cms\/wp-content\/uploads\/2021\/12\/IMG_4968-810x1080.jpeg 810w, https:\/\/www.musikverein-lohnsburg.at\/cms\/wp-content\/uploads\/2021\/12\/IMG_4968-940x1253.jpeg 940w, https:\/\/www.musikverein-lohnsburg.at\/cms\/wp-content\/uploads\/2021\/12\/IMG_4968-748x997.jpeg 748w, https:\/\/www.musikverein-lohnsburg.at\/cms\/wp-content\/uploads\/2021\/12\/IMG_4968-364x485.jpeg 364w, https:\/\/www.musikverein-lohnsburg.at\/cms\/wp-content\/uploads\/2021\/12\/IMG_4968.jpeg 1536w\" sizes=\"auto, (max-width: 768px) 100vw, 768px\" \/><\/a><\/figure><figcaption class=\"blocks-gallery-item__caption\">Christoph Rachbauer<\/figcaption><\/figure><\/li><li class=\"blocks-gallery-item\"><figure><figure id=\"attachment_16921\" class=\"alignnone\"><a data-fancybox-title=\"\" class=\"zoom-hover fb\" href=\"https:\/\/www.musikverein-lohnsburg.at\/cms\/wp-content\/uploads\/2021\/12\/IMG_4979.jpeg\"><img loading=\"lazy\" decoding=\"async\" width=\"768\" height=\"1024\" src=\"https:\/\/www.musikverein-lohnsburg.at\/cms\/wp-content\/uploads\/2021\/12\/IMG_4979-768x1024.jpeg\" alt=\"\" data-id=\"16921\" data-full-url=\"https:\/\/www.musikverein-lohnsburg.at\/cms\/wp-content\/uploads\/2021\/12\/IMG_4979.jpeg\" data-link=\"https:\/\/www.musikverein-lohnsburg.at\/cms\/img_4979\/\" class=\"wp-image-16921\" srcset=\"https:\/\/www.musikverein-lohnsburg.at\/cms\/wp-content\/uploads\/2021\/12\/IMG_4979-768x1024.jpeg 768w, https:\/\/www.musikverein-lohnsburg.at\/cms\/wp-content\/uploads\/2021\/12\/IMG_4979-225x300.jpeg 225w, https:\/\/www.musikverein-lohnsburg.at\/cms\/wp-content\/uploads\/2021\/12\/IMG_4979-1152x1536.jpeg 1152w, https:\/\/www.musikverein-lohnsburg.at\/cms\/wp-content\/uploads\/2021\/12\/IMG_4979-45x60.jpeg 45w, https:\/\/www.musikverein-lohnsburg.at\/cms\/wp-content\/uploads\/2021\/12\/IMG_4979-980x1307.jpeg 980w, https:\/\/www.musikverein-lohnsburg.at\/cms\/wp-content\/uploads\/2021\/12\/IMG_4979-810x1080.jpeg 810w, https:\/\/www.musikverein-lohnsburg.at\/cms\/wp-content\/uploads\/2021\/12\/IMG_4979-940x1253.jpeg 940w, https:\/\/www.musikverein-lohnsburg.at\/cms\/wp-content\/uploads\/2021\/12\/IMG_4979-748x997.jpeg 748w, https:\/\/www.musikverein-lohnsburg.at\/cms\/wp-content\/uploads\/2021\/12\/IMG_4979-364x485.jpeg 364w, https:\/\/www.musikverein-lohnsburg.at\/cms\/wp-content\/uploads\/2021\/12\/IMG_4979.jpeg 1536w\" sizes=\"auto, (max-width: 768px) 100vw, 768px\" \/><\/a><\/figure><figcaption class=\"blocks-gallery-item__caption\">Simon Reich<\/figcaption><\/figure><\/li><\/ul><\/figure>\n","protected":false},"excerpt":{"rendered":"<p>\u00c4hnlich wie schon im vergangenen Jahr war auch das Musikschuljahr 2021 von Online-Unterricht und Selbsttests vor Einzelstunden gepr\u00e4gt. Gerade deshalb freut sich der Musikverein Lohnsburg umso mehr, dass trotz dieser H\u00fcrden viele Musikerinnen und Musiker zu einer \u00dcbertrittspr\u00fcfung angetreten sind! Herzliche Gratulation!<\/p>\n","protected":false},"author":1,"featured_media":16928,"comment_status":"open","ping_status":"closed","sticky":false,"template":"","format":"standard","meta":{"ngg_post_thumbnail":0,"footnotes":""},"categories":[1],"tags":[],"class_list":["post-16917","post","type-post","status-publish","format-standard","has-post-thumbnail","hentry","category-allgemein"],"_links":{"self":[{"href":"https:\/\/www.musikverein-lohnsburg.at\/cms\/wp-json\/wp\/v2\/posts\/16917","targetHints":{"allow":["GET"]}}],"collection":[{"href":"https:\/\/www.musikverein-lohnsburg.at\/cms\/wp-json\/wp\/v2\/posts"}],"about":[{"href":"https:\/\/www.musikverein-lohnsburg.at\/cms\/wp-json\/wp\/v2\/types\/post"}],"author":[{"embeddable":true,"href":"https:\/\/www.musikverein-lohnsburg.at\/cms\/wp-json\/wp\/v2\/users\/1"}],"replies":[{"embeddable":true,"href":"https:\/\/www.musikverein-lohnsburg.at\/cms\/wp-json\/wp\/v2\/comments?post=16917"}],"version-history":[{"count":3,"href":"https:\/\/www.musikverein-lohnsburg.at\/cms\/wp-json\/wp\/v2\/posts\/16917\/revisions"}],"predecessor-version":[{"id":18382,"href":"https:\/\/www.musikverein-lohnsburg.at\/cms\/wp-json\/wp\/v2\/posts\/16917\/revisions\/18382"}],"wp:featuredmedia":[{"embeddable":true,"href":"https:\/\/www.musikverein-lohnsburg.at\/cms\/wp-json\/wp\/v2\/media\/16928"}],"wp:attachment":[{"href":"https:\/\/www.musikverein-lohnsburg.at\/cms\/wp-json\/wp\/v2\/media?parent=16917"}],"wp:term":[{"taxonomy":"category","embeddable":true,"href":"https:\/\/www.musikverein-lohnsburg.at\/cms\/wp-json\/wp\/v2\/categories?post=16917"},{"taxonomy":"post_tag","embeddable":true,"href":"https:\/\/www.musikverein-lohnsburg.at\/cms\/wp-json\/wp\/v2\/tags?post=16917"}],"curies":[{"name":"wp","href":"https:\/\/api.w.org\/{rel}","templated":true}]}}